{"id":5495,"date":"2025-03-31T07:32:40","date_gmt":"2025-03-31T07:32:40","guid":{"rendered":"https:\/\/booking.rehmracedays.de\/nouveau-dans-notre-summertrophy-tazio-nuvolari-du-29-au-31-aout-2025\/"},"modified":"2025-07-02T07:53:49","modified_gmt":"2025-07-02T05:53:49","slug":"nouveau-dans-notre-summertrophy-tazio-nuvolari-du-29-au-31-aout-2025","status":"publish","type":"post","link":"https:\/\/www.rehmracedays.com\/fr\/nouveau-dans-notre-summertrophy-tazio-nuvolari-du-29-au-31-aout-2025\/","title":{"rendered":"NOUVEAU DANS NOTRE SummerTrophy TAZIO NUVOLARI DU 29 AU 31 AO\u00dbT 2025"},"content":{"rendered":"\n<h4 class=\"wp-block-heading\"><strong>Le circuit qui porte le nom du pilote italien a \u00e9t\u00e9 construit dans les ann\u00e9es 1970 et a \u00e9t\u00e9 modernis\u00e9 \u00e0 plusieurs reprises. Plus r\u00e9cemment, la piste a \u00e9t\u00e9 prolong\u00e9e de 2019 \u00e0 2023 pour atteindre sa longueur actuelle de 5 260 m et a \u00e9t\u00e9 homologu\u00e9e par le FMI en 2024. Cela en fait le deuxi\u00e8me circuit le plus long d&rsquo;Italie (apr\u00e8s Monza) et donc le plus long circuit pour les motos, encore plus long que Misano et le Mugelloy.  <\/strong>.<\/h4>\n\n<h4 class=\"wp-block-heading\"><strong> <\/strong><\/h4>\n\n<ul class=\"wp-block-list\">\n<li class=\"has-text-color has-link-color has-medium-font-size wp-elements-861d3e7a9e73a7858fbe5ef347f94cd1\" style=\"color:#7f3589\"> Il y a deux<strong> longues lignes droites<\/strong> qui permettent des vitesses \u00e9lev\u00e9es, mais aussi des virages techniquement exigeants qui demandent de la pr\u00e9cision<\/li>\n\n\n\n<li class=\"has-text-color has-link-color has-medium-font-size wp-elements-ebe3f6ccb44da190bb1999b2ac6df9f9\" style=\"color:#7f3589\"> <strong>L&rsquo;infrastructure <\/strong>impressionnante a \u00e9t\u00e9 \u00e9quip\u00e9e de stands modernes, d&rsquo;une voie des stands spacieuse et de zones r\u00e9serv\u00e9es aux spectateurs.<\/li>\n\n\n\n<li class=\"has-text-color has-link-color has-medium-font-size wp-elements-07442fc3a98813449148cafa3b8b73e9\" style=\"color:#7f3589\">La <strong>proximit\u00e9 de Cervesina<\/strong> (Pavie), \u00e0 seulement 8 kilom\u00e8tres de l&rsquo;autoroute A7 (Milan\/G\u00eanes) et de l&rsquo;autoroute A21 (Turin\/Piacenza), permet un <strong>trajet court et rapide depuis la Suisse, l&rsquo;Allemagne et la France.<\/strong><\/li>\n<\/ul>\n\n<p><\/p>\n","protected":false},"excerpt":{"rendered":"<p>Le circuit qui porte le nom du pilote italien a \u00e9t\u00e9 construit dans les ann\u00e9es 1970 et a \u00e9t\u00e9 modernis\u00e9 \u00e0 plusieurs reprises. Plus r\u00e9cemment, la piste a \u00e9t\u00e9 prolong\u00e9e de 2019 \u00e0 2023 pour atteindre sa longueur actuelle de 5 260 m et a \u00e9t\u00e9 homologu\u00e9e par le FMI en 2024. Cela en fait [&hellip;]<\/p>\n","protected":false},"author":12348,"featured_media":5438,"comment_status":"closed","ping_status":"closed","sticky":false,"template":"","format":"standard","meta":{"postBodyCss":"","postBodyMargin":[],"postBodyPadding":[],"postBodyBackground":{"backgroundType":"classic","gradient":""},"footnotes":""},"categories":[74],"tags":[],"class_list":["post-5495","post","type-post","status-publish","format-standard","has-post-thumbnail","hentry","category-unkategorisiert-fr"],"yoast_head":"<!-- This site is optimized with the Yoast SEO plugin v27.0 - https:\/\/yoast.com\/product\/yoast-seo-wordpress\/ -->\n<title>NOUVEAU DANS NOTRE SummerTrophy TAZIO NUVOLARI DU 29 AU 31 AO\u00dbT 2025 - Rehm Race Days<\/title>\n<meta name=\"robots\" content=\"index, follow, max-snippet:-1, max-image-preview:large, max-video-preview:-1\" \/>\n<link rel=\"canonical\" href=\"https:\/\/www.rehmracedays.com\/fr\/nouveau-dans-notre-summertrophy-tazio-nuvolari-du-29-au-31-aout-2025\/\" \/>\n<meta property=\"og:locale\" content=\"fr_FR\" \/>\n<meta property=\"og:type\" content=\"article\" \/>\n<meta property=\"og:title\" content=\"NOUVEAU DANS NOTRE SummerTrophy TAZIO NUVOLARI DU 29 AU 31 AO\u00dbT 2025 - Rehm Race Days\" \/>\n<meta property=\"og:description\" content=\"Le circuit qui porte le nom du pilote italien a \u00e9t\u00e9 construit dans les ann\u00e9es 1970 et a \u00e9t\u00e9 modernis\u00e9 \u00e0 plusieurs reprises. Plus r\u00e9cemment, la piste a \u00e9t\u00e9 prolong\u00e9e de 2019 \u00e0 2023 pour atteindre sa longueur actuelle de 5 260 m et a \u00e9t\u00e9 homologu\u00e9e par le FMI en 2024. Cela en fait [&hellip;]\" \/>\n<meta property=\"og:url\" content=\"https:\/\/www.rehmracedays.com\/fr\/nouveau-dans-notre-summertrophy-tazio-nuvolari-du-29-au-31-aout-2025\/\" \/>\n<meta property=\"og:site_name\" content=\"Rehm Race Days\" \/>\n<meta property=\"article:published_time\" content=\"2025-03-31T07:32:40+00:00\" \/>\n<meta property=\"article:modified_time\" content=\"2025-07-02T05:53:49+00:00\" \/>\n<meta property=\"og:image\" content=\"https:\/\/www.rehmracedays.com\/wp-content\/uploads\/2025\/03\/Circuito-Tazio-Nuvolari-Logo-5260-base-chiara-e1743408468500.png\" \/>\n\t<meta property=\"og:image:width\" content=\"2000\" \/>\n\t<meta property=\"og:image:height\" content=\"1400\" \/>\n\t<meta property=\"og:image:type\" content=\"image\/png\" \/>\n<meta name=\"author\" content=\"anna\" \/>\n<meta name=\"twitter:card\" content=\"summary_large_image\" \/>\n<meta name=\"twitter:label1\" content=\"\u00c9crit par\" \/>\n\t<meta name=\"twitter:data1\" content=\"anna\" \/>\n\t<meta name=\"twitter:label2\" content=\"Dur\u00e9e de lecture estim\u00e9e\" \/>\n\t<meta name=\"twitter:data2\" content=\"1 minute\" \/>\n<script type=\"application\/ld+json\" class=\"yoast-schema-graph\">{\"@context\":\"https:\/\/schema.org\",\"@graph\":[{\"@type\":\"Article\",\"@id\":\"https:\/\/www.rehmracedays.com\/fr\/nouveau-dans-notre-summertrophy-tazio-nuvolari-du-29-au-31-aout-2025\/#article\",\"isPartOf\":{\"@id\":\"https:\/\/www.rehmracedays.com\/fr\/nouveau-dans-notre-summertrophy-tazio-nuvolari-du-29-au-31-aout-2025\/\"},\"author\":{\"name\":\"anna\",\"@id\":\"https:\/\/www.rehmracedays.com\/fr\/#\/schema\/person\/1eba4974ccbc3bd61c060bed9e950a22\"},\"headline\":\"NOUVEAU DANS NOTRE SummerTrophy TAZIO NUVOLARI DU 29 AU 31 AO\u00dbT 2025\",\"datePublished\":\"2025-03-31T07:32:40+00:00\",\"dateModified\":\"2025-07-02T05:53:49+00:00\",\"mainEntityOfPage\":{\"@id\":\"https:\/\/www.rehmracedays.com\/fr\/nouveau-dans-notre-summertrophy-tazio-nuvolari-du-29-au-31-aout-2025\/\"},\"wordCount\":175,\"publisher\":{\"@id\":\"https:\/\/www.rehmracedays.com\/fr\/#organization\"},\"image\":{\"@id\":\"https:\/\/www.rehmracedays.com\/fr\/nouveau-dans-notre-summertrophy-tazio-nuvolari-du-29-au-31-aout-2025\/#primaryimage\"},\"thumbnailUrl\":\"https:\/\/www.rehmracedays.com\/wp-content\/uploads\/2025\/03\/Circuito-Tazio-Nuvolari-Logo-5260-base-chiara-e1743408468500.png\",\"articleSection\":[\"Unkategorisiert\"],\"inLanguage\":\"fr-FR\"},{\"@type\":\"WebPage\",\"@id\":\"https:\/\/www.rehmracedays.com\/fr\/nouveau-dans-notre-summertrophy-tazio-nuvolari-du-29-au-31-aout-2025\/\",\"url\":\"https:\/\/www.rehmracedays.com\/fr\/nouveau-dans-notre-summertrophy-tazio-nuvolari-du-29-au-31-aout-2025\/\",\"name\":\"NOUVEAU DANS NOTRE SummerTrophy TAZIO NUVOLARI DU 29 AU 31 AO\u00dbT 2025 - Rehm Race Days\",\"isPartOf\":{\"@id\":\"https:\/\/www.rehmracedays.com\/fr\/#website\"},\"primaryImageOfPage\":{\"@id\":\"https:\/\/www.rehmracedays.com\/fr\/nouveau-dans-notre-summertrophy-tazio-nuvolari-du-29-au-31-aout-2025\/#primaryimage\"},\"image\":{\"@id\":\"https:\/\/www.rehmracedays.com\/fr\/nouveau-dans-notre-summertrophy-tazio-nuvolari-du-29-au-31-aout-2025\/#primaryimage\"},\"thumbnailUrl\":\"https:\/\/www.rehmracedays.com\/wp-content\/uploads\/2025\/03\/Circuito-Tazio-Nuvolari-Logo-5260-base-chiara-e1743408468500.png\",\"datePublished\":\"2025-03-31T07:32:40+00:00\",\"dateModified\":\"2025-07-02T05:53:49+00:00\",\"breadcrumb\":{\"@id\":\"https:\/\/www.rehmracedays.com\/fr\/nouveau-dans-notre-summertrophy-tazio-nuvolari-du-29-au-31-aout-2025\/#breadcrumb\"},\"inLanguage\":\"fr-FR\",\"potentialAction\":[{\"@type\":\"ReadAction\",\"target\":[\"https:\/\/www.rehmracedays.com\/fr\/nouveau-dans-notre-summertrophy-tazio-nuvolari-du-29-au-31-aout-2025\/\"]}]},{\"@type\":\"ImageObject\",\"inLanguage\":\"fr-FR\",\"@id\":\"https:\/\/www.rehmracedays.com\/fr\/nouveau-dans-notre-summertrophy-tazio-nuvolari-du-29-au-31-aout-2025\/#primaryimage\",\"url\":\"https:\/\/www.rehmracedays.com\/wp-content\/uploads\/2025\/03\/Circuito-Tazio-Nuvolari-Logo-5260-base-chiara-e1743408468500.png\",\"contentUrl\":\"https:\/\/www.rehmracedays.com\/wp-content\/uploads\/2025\/03\/Circuito-Tazio-Nuvolari-Logo-5260-base-chiara-e1743408468500.png\",\"width\":2000,\"height\":1400},{\"@type\":\"BreadcrumbList\",\"@id\":\"https:\/\/www.rehmracedays.com\/fr\/nouveau-dans-notre-summertrophy-tazio-nuvolari-du-29-au-31-aout-2025\/#breadcrumb\",\"itemListElement\":[{\"@type\":\"ListItem\",\"position\":1,\"name\":\"Startseite\",\"item\":\"https:\/\/www.rehmracedays.com\/fr\/\"},{\"@type\":\"ListItem\",\"position\":2,\"name\":\"NOUVEAU DANS NOTRE SummerTrophy TAZIO NUVOLARI DU 29 AU 31 AO\u00dbT 2025\"}]},{\"@type\":\"WebSite\",\"@id\":\"https:\/\/www.rehmracedays.com\/fr\/#website\",\"url\":\"https:\/\/www.rehmracedays.com\/fr\/\",\"name\":\"Rehm Race Days\",\"description\":\"Motorrad auf der Rennstrecke fahren\",\"publisher\":{\"@id\":\"https:\/\/www.rehmracedays.com\/fr\/#organization\"},\"potentialAction\":[{\"@type\":\"SearchAction\",\"target\":{\"@type\":\"EntryPoint\",\"urlTemplate\":\"https:\/\/www.rehmracedays.com\/fr\/?s={search_term_string}\"},\"query-input\":{\"@type\":\"PropertyValueSpecification\",\"valueRequired\":true,\"valueName\":\"search_term_string\"}}],\"inLanguage\":\"fr-FR\"},{\"@type\":\"Organization\",\"@id\":\"https:\/\/www.rehmracedays.com\/fr\/#organization\",\"name\":\"Rehm Race Days\",\"url\":\"https:\/\/www.rehmracedays.com\/fr\/\",\"logo\":{\"@type\":\"ImageObject\",\"inLanguage\":\"fr-FR\",\"@id\":\"https:\/\/www.rehmracedays.com\/fr\/#\/schema\/logo\/image\/\",\"url\":\"https:\/\/www.rehmracedays.com\/wp-content\/uploads\/2024\/11\/logorehm.png\",\"contentUrl\":\"https:\/\/www.rehmracedays.com\/wp-content\/uploads\/2024\/11\/logorehm.png\",\"width\":304,\"height\":79,\"caption\":\"Rehm Race Days\"},\"image\":{\"@id\":\"https:\/\/www.rehmracedays.com\/fr\/#\/schema\/logo\/image\/\"}},{\"@type\":\"Person\",\"@id\":\"https:\/\/www.rehmracedays.com\/fr\/#\/schema\/person\/1eba4974ccbc3bd61c060bed9e950a22\",\"name\":\"anna\",\"image\":{\"@type\":\"ImageObject\",\"inLanguage\":\"fr-FR\",\"@id\":\"https:\/\/www.rehmracedays.com\/fr\/#\/schema\/person\/image\/\",\"url\":\"https:\/\/secure.gravatar.com\/avatar\/d640858741716974e82118b8ecbc391391af4e9b68245e8515b08843deabc6d5?s=96&d=mm&r=g\",\"contentUrl\":\"https:\/\/secure.gravatar.com\/avatar\/d640858741716974e82118b8ecbc391391af4e9b68245e8515b08843deabc6d5?s=96&d=mm&r=g\",\"caption\":\"anna\"},\"url\":\"https:\/\/www.rehmracedays.com\/fr\/author\/anna\/\"}]}<\/script>\n<!-- \/ Yoast SEO plugin. -->","yoast_head_json":{"title":"NOUVEAU DANS NOTRE SummerTrophy TAZIO NUVOLARI DU 29 AU 31 AO\u00dbT 2025 - Rehm Race Days","robots":{"index":"index","follow":"follow","max-snippet":"max-snippet:-1","max-image-preview":"max-image-preview:large","max-video-preview":"max-video-preview:-1"},"canonical":"https:\/\/www.rehmracedays.com\/fr\/nouveau-dans-notre-summertrophy-tazio-nuvolari-du-29-au-31-aout-2025\/","og_locale":"fr_FR","og_type":"article","og_title":"NOUVEAU DANS NOTRE SummerTrophy TAZIO NUVOLARI DU 29 AU 31 AO\u00dbT 2025 - Rehm Race Days","og_description":"Le circuit qui porte le nom du pilote italien a \u00e9t\u00e9 construit dans les ann\u00e9es 1970 et a \u00e9t\u00e9 modernis\u00e9 \u00e0 plusieurs reprises. Plus r\u00e9cemment, la piste a \u00e9t\u00e9 prolong\u00e9e de 2019 \u00e0 2023 pour atteindre sa longueur actuelle de 5 260 m et a \u00e9t\u00e9 homologu\u00e9e par le FMI en 2024. Cela en fait [&hellip;]","og_url":"https:\/\/www.rehmracedays.com\/fr\/nouveau-dans-notre-summertrophy-tazio-nuvolari-du-29-au-31-aout-2025\/","og_site_name":"Rehm Race Days","article_published_time":"2025-03-31T07:32:40+00:00","article_modified_time":"2025-07-02T05:53:49+00:00","og_image":[{"width":2000,"height":1400,"url":"https:\/\/www.rehmracedays.com\/wp-content\/uploads\/2025\/03\/Circuito-Tazio-Nuvolari-Logo-5260-base-chiara-e1743408468500.png","type":"image\/png"}],"author":"anna","twitter_card":"summary_large_image","twitter_misc":{"\u00c9crit par":"anna","Dur\u00e9e de lecture estim\u00e9e":"1 minute"},"schema":{"@context":"https:\/\/schema.org","@graph":[{"@type":"Article","@id":"https:\/\/www.rehmracedays.com\/fr\/nouveau-dans-notre-summertrophy-tazio-nuvolari-du-29-au-31-aout-2025\/#article","isPartOf":{"@id":"https:\/\/www.rehmracedays.com\/fr\/nouveau-dans-notre-summertrophy-tazio-nuvolari-du-29-au-31-aout-2025\/"},"author":{"name":"anna","@id":"https:\/\/www.rehmracedays.com\/fr\/#\/schema\/person\/1eba4974ccbc3bd61c060bed9e950a22"},"headline":"NOUVEAU DANS NOTRE SummerTrophy TAZIO NUVOLARI DU 29 AU 31 AO\u00dbT 2025","datePublished":"2025-03-31T07:32:40+00:00","dateModified":"2025-07-02T05:53:49+00:00","mainEntityOfPage":{"@id":"https:\/\/www.rehmracedays.com\/fr\/nouveau-dans-notre-summertrophy-tazio-nuvolari-du-29-au-31-aout-2025\/"},"wordCount":175,"publisher":{"@id":"https:\/\/www.rehmracedays.com\/fr\/#organization"},"image":{"@id":"https:\/\/www.rehmracedays.com\/fr\/nouveau-dans-notre-summertrophy-tazio-nuvolari-du-29-au-31-aout-2025\/#primaryimage"},"thumbnailUrl":"https:\/\/www.rehmracedays.com\/wp-content\/uploads\/2025\/03\/Circuito-Tazio-Nuvolari-Logo-5260-base-chiara-e1743408468500.png","articleSection":["Unkategorisiert"],"inLanguage":"fr-FR"},{"@type":"WebPage","@id":"https:\/\/www.rehmracedays.com\/fr\/nouveau-dans-notre-summertrophy-tazio-nuvolari-du-29-au-31-aout-2025\/","url":"https:\/\/www.rehmracedays.com\/fr\/nouveau-dans-notre-summertrophy-tazio-nuvolari-du-29-au-31-aout-2025\/","name":"NOUVEAU DANS NOTRE SummerTrophy TAZIO NUVOLARI DU 29 AU 31 AO\u00dbT 2025 - Rehm Race Days","isPartOf":{"@id":"https:\/\/www.rehmracedays.com\/fr\/#website"},"primaryImageOfPage":{"@id":"https:\/\/www.rehmracedays.com\/fr\/nouveau-dans-notre-summertrophy-tazio-nuvolari-du-29-au-31-aout-2025\/#primaryimage"},"image":{"@id":"https:\/\/www.rehmracedays.com\/fr\/nouveau-dans-notre-summertrophy-tazio-nuvolari-du-29-au-31-aout-2025\/#primaryimage"},"thumbnailUrl":"https:\/\/www.rehmracedays.com\/wp-content\/uploads\/2025\/03\/Circuito-Tazio-Nuvolari-Logo-5260-base-chiara-e1743408468500.png","datePublished":"2025-03-31T07:32:40+00:00","dateModified":"2025-07-02T05:53:49+00:00","breadcrumb":{"@id":"https:\/\/www.rehmracedays.com\/fr\/nouveau-dans-notre-summertrophy-tazio-nuvolari-du-29-au-31-aout-2025\/#breadcrumb"},"inLanguage":"fr-FR","potentialAction":[{"@type":"ReadAction","target":["https:\/\/www.rehmracedays.com\/fr\/nouveau-dans-notre-summertrophy-tazio-nuvolari-du-29-au-31-aout-2025\/"]}]},{"@type":"ImageObject","inLanguage":"fr-FR","@id":"https:\/\/www.rehmracedays.com\/fr\/nouveau-dans-notre-summertrophy-tazio-nuvolari-du-29-au-31-aout-2025\/#primaryimage","url":"https:\/\/www.rehmracedays.com\/wp-content\/uploads\/2025\/03\/Circuito-Tazio-Nuvolari-Logo-5260-base-chiara-e1743408468500.png","contentUrl":"https:\/\/www.rehmracedays.com\/wp-content\/uploads\/2025\/03\/Circuito-Tazio-Nuvolari-Logo-5260-base-chiara-e1743408468500.png","width":2000,"height":1400},{"@type":"BreadcrumbList","@id":"https:\/\/www.rehmracedays.com\/fr\/nouveau-dans-notre-summertrophy-tazio-nuvolari-du-29-au-31-aout-2025\/#breadcrumb","itemListElement":[{"@type":"ListItem","position":1,"name":"Startseite","item":"https:\/\/www.rehmracedays.com\/fr\/"},{"@type":"ListItem","position":2,"name":"NOUVEAU DANS NOTRE SummerTrophy TAZIO NUVOLARI DU 29 AU 31 AO\u00dbT 2025"}]},{"@type":"WebSite","@id":"https:\/\/www.rehmracedays.com\/fr\/#website","url":"https:\/\/www.rehmracedays.com\/fr\/","name":"Rehm Race Days","description":"Motorrad auf der Rennstrecke fahren","publisher":{"@id":"https:\/\/www.rehmracedays.com\/fr\/#organization"},"potentialAction":[{"@type":"SearchAction","target":{"@type":"EntryPoint","urlTemplate":"https:\/\/www.rehmracedays.com\/fr\/?s={search_term_string}"},"query-input":{"@type":"PropertyValueSpecification","valueRequired":true,"valueName":"search_term_string"}}],"inLanguage":"fr-FR"},{"@type":"Organization","@id":"https:\/\/www.rehmracedays.com\/fr\/#organization","name":"Rehm Race Days","url":"https:\/\/www.rehmracedays.com\/fr\/","logo":{"@type":"ImageObject","inLanguage":"fr-FR","@id":"https:\/\/www.rehmracedays.com\/fr\/#\/schema\/logo\/image\/","url":"https:\/\/www.rehmracedays.com\/wp-content\/uploads\/2024\/11\/logorehm.png","contentUrl":"https:\/\/www.rehmracedays.com\/wp-content\/uploads\/2024\/11\/logorehm.png","width":304,"height":79,"caption":"Rehm Race Days"},"image":{"@id":"https:\/\/www.rehmracedays.com\/fr\/#\/schema\/logo\/image\/"}},{"@type":"Person","@id":"https:\/\/www.rehmracedays.com\/fr\/#\/schema\/person\/1eba4974ccbc3bd61c060bed9e950a22","name":"anna","image":{"@type":"ImageObject","inLanguage":"fr-FR","@id":"https:\/\/www.rehmracedays.com\/fr\/#\/schema\/person\/image\/","url":"https:\/\/secure.gravatar.com\/avatar\/d640858741716974e82118b8ecbc391391af4e9b68245e8515b08843deabc6d5?s=96&d=mm&r=g","contentUrl":"https:\/\/secure.gravatar.com\/avatar\/d640858741716974e82118b8ecbc391391af4e9b68245e8515b08843deabc6d5?s=96&d=mm&r=g","caption":"anna"},"url":"https:\/\/www.rehmracedays.com\/fr\/author\/anna\/"}]}},"meta_box":[],"_links":{"self":[{"href":"https:\/\/www.rehmracedays.com\/fr\/wp-json\/wp\/v2\/posts\/5495","targetHints":{"allow":["GET"]}}],"collection":[{"href":"https:\/\/www.rehmracedays.com\/fr\/wp-json\/wp\/v2\/posts"}],"about":[{"href":"https:\/\/www.rehmracedays.com\/fr\/wp-json\/wp\/v2\/types\/post"}],"author":[{"embeddable":true,"href":"https:\/\/www.rehmracedays.com\/fr\/wp-json\/wp\/v2\/users\/12348"}],"replies":[{"embeddable":true,"href":"https:\/\/www.rehmracedays.com\/fr\/wp-json\/wp\/v2\/comments?post=5495"}],"version-history":[{"count":0,"href":"https:\/\/www.rehmracedays.com\/fr\/wp-json\/wp\/v2\/posts\/5495\/revisions"}],"wp:featuredmedia":[{"embeddable":true,"href":"https:\/\/www.rehmracedays.com\/fr\/wp-json\/wp\/v2\/media\/5438"}],"wp:attachment":[{"href":"https:\/\/www.rehmracedays.com\/fr\/wp-json\/wp\/v2\/media?parent=5495"}],"wp:term":[{"taxonomy":"category","embeddable":true,"href":"https:\/\/www.rehmracedays.com\/fr\/wp-json\/wp\/v2\/categories?post=5495"},{"taxonomy":"post_tag","embeddable":true,"href":"https:\/\/www.rehmracedays.com\/fr\/wp-json\/wp\/v2\/tags?post=5495"}],"curies":[{"name":"wp","href":"https:\/\/api.w.org\/{rel}","templated":true}]}}